{"id":14139,"date":"2026-03-11T13:55:58","date_gmt":"2026-03-11T12:55:58","guid":{"rendered":"https:\/\/www.centrofiera.it\/?p=14139"},"modified":"2026-03-11T13:55:59","modified_gmt":"2026-03-11T12:55:59","slug":"radio-depoca-vinili-high-tech-sabato-14-e-domenica-15-marzo-torna-la-fiera-dellelettronica","status":"publish","type":"post","link":"https:\/\/www.centrofiera.it\/en\/2026\/03\/11\/radio-depoca-vinili-high-tech-sabato-14-e-domenica-15-marzo-torna-la-fiera-dellelettronica\/","title":{"rendered":"Radio d&#8217;epoca, vinili, high-tech: sabato 14 e domenica 15 marzo, torna la Fiera dell&#8217;Elettronica"},"content":{"rendered":"\n<p>Informatica, high-tech e componentistica per l\u2019elettronica, ma anche tecnologie per il radiantismo, radio d\u2019epoca, vinili e rarit\u00e0 da collezione: la 64a <strong>Fiera dell\u2019Elettronica<\/strong>, in programma s<strong>abato 14 e domenica 15 marzo<\/strong> al Centro Fiera Montichiari (BS), promette un fine settimana ricco di occasioni da non perdere per collezionisti, radioamatori e appassionati di tecnologia. Con due padiglioni completamente dedicati, la manifestazione offrir\u00e0 ai visitatori l\u2019opportunit\u00e0 di esplorare le migliori proposte del settore, scoprire novit\u00e0 tecnologiche e andare a caccia di pezzi rari e oggetti da collezione.<\/p>\n\n\n\n<p>La fiera si articola in diverse aree tematiche specializzate, pensate per soddisfare ogni interesse: <strong>Radiantistica Exp\u00f2<\/strong>, con il meglio dell\u2019offerta commerciale e dell\u2019informatica di consumo; il <strong>Radiomercatino di Portobello<\/strong>, con un\u2019ampia panoramica di radio d\u2019epoca, componenti e materiali da collezione; l\u2019<strong>Area Ham Radio <\/strong>dedicata alle tecnologie d\u2019avanguardia per radioamatori; la <strong>Fiera del Vinile<\/strong>, sezione interamente dedicata a uno dei supporti musicali pi\u00f9 amati di sempre.<\/p>\n\n\n\n<h3 class=\"wp-block-heading\">RADIOMERCATINO DI PORTOBELLO: A CACCIA DI PEZZI DA COLLEZIONE<\/h3>\n\n\n\n<p>Alla Fiera dell\u2019Elettronica torna il <strong>Radiomercatino di Portobello<\/strong>, la tradizionale mostra scambio dedicata a radio d\u2019epoca, componentistica per radiocomunicazioni, materiali usati e rarit\u00e0 da collezione. La 50a edizione porter\u00e0 in fiera una ricchissima esposizione che far\u00e0 la gioia di tutti gli appassionati. Tra radio storiche, componenti vintage e pezzi unici, i visitatori potranno ammirare da vicino oggetti ricchi di storia, vivendo un\u2019esperienza coinvolgente e ricca di sorprese.<\/p>\n\n\n\n<h3 class=\"wp-block-heading\">HAM RADIO: IN FIERA MARCHI MONDIALI CON APPARATI DI ULTIMA GENERAZIONE<\/h3>\n\n\n\n<p>Nel mondo delle radiotrasmissioni, il termine Ham Radio identifica l\u2019universo dei radioamatori e degli appassionati di comunicazioni radio. All\u2019interno della Fiera dell\u2019Elettronica, l\u2019<strong>Area Ham Radio <\/strong>\u00e8 interamente dedicata a questo settore e ospita una selezione di espositori altamente specializzati. In mostra apparati RTX di ultima generazione, accessori tecnici e le pi\u00f9 recenti innovazioni, proposte dai principali marchi internazionali del settore.<\/p>\n\n\n\n<h3 class=\"wp-block-heading\">AREA VINILE: IL FASCINO SENZA TEMPO CHE UNISCE LE GENERAZIONI<\/h3>\n\n\n\n<p>Negli ultimi anni il vinile ha conosciuto una nuova e sorprendente stagione di successo. Dopo essere stato messo in ombra prima dai CD e poi dalla musica digitale, questo storico supporto \u00e8 tornato protagonista tra appassionati e collezionisti. Il suo fascino risiede nell\u2019unicit\u00e0 del suono, nella dimensione fisica dell\u2019ascolto e nel valore storico degli album, capaci di raccontare epoche e generazioni. Non sorprende quindi che il vinile continui a conquistare anche i pi\u00f9 giovani. Alla Fiera dell\u2019Elettronica torna la <strong>Fiera del Vinile<\/strong>, una sezione interamente dedicata agli amanti della musica: migliaia di dischi, occasioni per collezionisti alla ricerca delle rarit\u00e0 pi\u00f9 ambite e tante proposte anche per chi sta riscoprendo il piacere dell\u2019ascolto analogico.<\/p>\n\n\n\n<h3 class=\"wp-block-heading\">TECNOLOGIA E STORIA DEL COSTUME NELLA MOSTRA A CURA DELL\u2019AIRE<\/h3>\n\n\n\n<p>In occasione della Fiera dell\u2019Elettronica, l\u2019<strong>AIRE &#8211; Associazione Italiana per la Radio d\u2019Epoca <\/strong>presenta la mostra dal titolo <strong><em>\u201cLa radio a transistor\u201d<\/em><\/strong>, un evento da non perdere per appassionati e cultori ma anche per chi ama l\u2019evoluzione della tecnologia e la storia del costume. Le prime radio interamente a transistor fanno la loro comparsa sul mercato a met\u00e0 degli anni Cinquanta. Si trattava di piccole scatolette colorate, ornate con qualche fregio o cornice di metallo lucido, inserite di solito in una custodia di cuoio. Leggere e tascabili, erano un\u2019evoluzione assoluta rispetto agli ingombranti apparecchi a valvole che fino ad allora erano andati per la maggiore. Al loro fianco esistevano anche le radio \u201cportatili\u201d che erano leggermente pi\u00f9 grandi, di legno foderato, dotate di antenna telescopica e di batterie a lunga durata. Inizialmente la tecnologia costruttiva transistor era inferiore a quella delle valvole, con i primi al germanio molto sensibili alla temperatura e pertanto soggetti ad una mortalit\u00e0 elevata. Presto, per\u00f2, con il passaggio alla versione in silicio si \u00e8 ottenuto un prodotto che ha superato ampiamente le caratteristiche di durata e stabilit\u00e0 delle valvole termoioniche. Il successivo passaggio dai transistor ai circuiti integrati ha confermato e consolidato i vantaggi della tecnologia allo stato solido, che rimane il gold standard anche ai giorni nostri. Le radio esposte nell\u2019ambito dell\u2019edizione primaverile della Fiera dell\u2019Elettronica provengono dalla collezione privata di <strong>Carlo Pria<\/strong>.<\/p>\n\n\n\n<h3 class=\"wp-block-heading\">\u201cVIAGGIO NEL TESORO DI MARCONI\u201d: UN INCONTRO IN FIERA CON SILVANO MORENO I1WSM<\/h3>\n\n\n\n<p>I visitatori della Fiera dell\u2019Elettronica avranno l\u2019occasione di partecipare all\u2019incontro dal titolo <strong><em>\u201cViaggio nel tesoro di Marconi\u201d<\/em><\/strong>, dedicato all\u2019opera del Grande Maestro, con la testimonianza di <strong>Silvano Moreno I1WSM<\/strong>. L\u2019appuntamento, a cura del <strong>Marconi Club A.R.I. Loano<\/strong>, si terr\u00e0 sabato 14 marzo, a partire dalle ore 15.00 nella Sala Scalvini del Centro Fiera Montichiari (primo piano, ingresso centrale).<\/p>\n\n\n\n<h3 class=\"wp-block-heading\">PENSARE LA FISICA E LA MATEMATICA IN MODO DIVERSO: UNA SFIDA PER I GIOVANI<\/h3>\n\n\n\n<p>Fisica e matematica sono terreno fertile per le migliori menti di ogni generazione. Per appassionarsi a queste discipline \u00e8 indispensabile uscire dagli schemi e imparare a scoprire quando siano presenti nel nostro modo di pensare e nella maniera in cui approcciamo i problemi di ogni giorno, dai pi\u00f9 semplici ai pi\u00f9 complessi. Sar\u00e0 un\u2019occasione per riflettere su questi temi l\u2019incontro con <strong>Giorgio Balzarotti <\/strong>e <strong>Paolo P. Lava<\/strong>, autori di numerose pubblicazioni su come <strong>pensare in modo diverso la fisica e la matematica<\/strong> che, nella giornata di sabato 14 marzo, saranno presenti nell\u2019Area Ham Radio per rispondere a domande dei visitatori, soddisfare curiosit\u00e0 e per il firma copie.<\/p>\n\n\n\n<h3 class=\"wp-block-heading\">CONTEST ARI WHF &amp; UP: IN FIERA LA CERIMONIA DI PREMIAZIONE<\/h3>\n\n\n\n<p>L\u2019edizione primaverile della Fiera dell\u2019Elettronica ospiter\u00e0 le premiazioni dei <strong>Contest Ari VHF &amp; UP<\/strong> a cura dell\u2019<strong>A.R.I. &#8211; Associazione Radioamatori Italiani<\/strong>. L\u2019appuntamento per radioamatori e appassionati \u00e8 per sabato 14 marzo, a partire dalle ore 14:15, in sala 4 (secondo piano, ingresso centrale). Premiazioni: Trofeo ARI 50 MHz 2024 e 2025, Trofeo ARI VHF &amp; UP 2024 e 2025, IAC 2024 e 2025, FT8 Activity 2024 e 2025, Contest delle Sezioni ARI VHF &amp; UP 2025<\/p>\n\n\n\n<p>L\u2019appuntamento con la 64a edizione della Fiera dell\u2019Elettronica, dunque, \u00e8 al Centro Fiera di Montichiari (BS) nelle giornate di sabato 14, dalle 9.00 alle 18.00, e domenica 15 marzo, dalle 9.00 alle 17.00. Il costo del biglietto, acquistabile alle casse in fiera o online dal sito <a href=\"http:\/\/www.radiantistica.it\/biglietti-online\">www.radiantistica.it\/biglietti-online<\/a>, \u00e8 di 9,00 euro (7,00 euro il ridotto per ultra sessantacinquenni).<\/p>\n","protected":false},"excerpt":{"rendered":"<p>Informatica, high-tech e componentistica per l\u2019elettronica, ma anche tecnologie per il radiantismo, radio d\u2019epoca, vinili e rarit\u00e0 da collezione: la 64a Fiera dell\u2019Elettronica, in programma sabato 14 e domenica 15 marzo al Centro Fiera Montichiari (BS), promette un fine settimana ricco di occasioni da non perdere per collezionisti, radioamatori e appassionati di tecnologia.<\/p>\n","protected":false},"author":2,"featured_media":14137,"comment_status":"closed","ping_status":"closed","sticky":true,"template":"","format":"standard","meta":{"footnotes":""},"categories":[253],"tags":[382,178,431,384,385,386],"yoast_head":"<!-- This site is optimized with the Yoast SEO plugin v22.1 - https:\/\/yoast.com\/wordpress\/plugins\/seo\/ -->\n<title>Radio d&#039;epoca, vinili, high-tech: sabato 14 e domenica 15 marzo, torna la Fiera dell&#039;Elettronica - Centro Fiera Montichiari<\/title>\n<meta name=\"robots\" content=\"index, follow, max-snippet:-1, max-image-preview:large, max-video-preview:-1\" \/>\n<link rel=\"canonical\" href=\"https:\/\/www.centrofiera.it\/en\/2026\/03\/11\/radio-depoca-vinili-high-tech-sabato-14-e-domenica-15-marzo-torna-la-fiera-dellelettronica\/\" \/>\n<meta property=\"og:locale\" content=\"en_US\" \/>\n<meta property=\"og:type\" content=\"article\" \/>\n<meta property=\"og:title\" content=\"Radio d&#039;epoca, vinili, high-tech: sabato 14 e domenica 15 marzo, torna la Fiera dell&#039;Elettronica - Centro Fiera Montichiari\" \/>\n<meta property=\"og:description\" content=\"Informatica, high-tech e componentistica per l\u2019elettronica, ma anche tecnologie per il radiantismo, radio d\u2019epoca, vinili e rarit\u00e0 da collezione: la 64a Fiera dell\u2019Elettronica, in programma sabato 14 e domenica 15 marzo al Centro Fiera Montichiari (BS), promette un fine settimana ricco di occasioni da non perdere per collezionisti, radioamatori e appassionati di tecnologia.\" \/>\n<meta property=\"og:url\" content=\"https:\/\/www.centrofiera.it\/en\/2026\/03\/11\/radio-depoca-vinili-high-tech-sabato-14-e-domenica-15-marzo-torna-la-fiera-dellelettronica\/\" \/>\n<meta property=\"og:site_name\" content=\"Centro Fiera Montichiari\" \/>\n<meta property=\"article:publisher\" content=\"https:\/\/www.facebook.com\/CentroFieraMontichiari\" \/>\n<meta property=\"article:published_time\" content=\"2026-03-11T12:55:58+00:00\" \/>\n<meta property=\"article:modified_time\" content=\"2026-03-11T12:55:59+00:00\" \/>\n<meta property=\"og:image\" content=\"https:\/\/www.centrofiera.it\/wp-content\/uploads\/2026\/03\/radiantistica2026mar_cf.jpg\" \/>\n\t<meta property=\"og:image:width\" content=\"1200\" \/>\n\t<meta property=\"og:image:height\" content=\"675\" \/>\n\t<meta property=\"og:image:type\" content=\"image\/jpeg\" \/>\n<meta name=\"author\" content=\"Roberto\" \/>\n<meta name=\"twitter:card\" content=\"summary_large_image\" \/>\n<meta name=\"twitter:creator\" content=\"@centrofiera\" \/>\n<meta name=\"twitter:site\" content=\"@centrofiera\" \/>\n<meta name=\"twitter:label1\" content=\"Written by\" \/>\n\t<meta name=\"twitter:data1\" content=\"Roberto\" \/>\n\t<meta name=\"twitter:label2\" content=\"Est. reading time\" \/>\n\t<meta name=\"twitter:data2\" content=\"6 minutes\" \/>\n<script type=\"application\/ld+json\" class=\"yoast-schema-graph\">{\"@context\":\"https:\/\/schema.org\",\"@graph\":[{\"@type\":\"Article\",\"@id\":\"https:\/\/www.centrofiera.it\/en\/2026\/03\/11\/radio-depoca-vinili-high-tech-sabato-14-e-domenica-15-marzo-torna-la-fiera-dellelettronica\/#article\",\"isPartOf\":{\"@id\":\"https:\/\/www.centrofiera.it\/en\/2026\/03\/11\/radio-depoca-vinili-high-tech-sabato-14-e-domenica-15-marzo-torna-la-fiera-dellelettronica\/\"},\"author\":{\"name\":\"Roberto\",\"@id\":\"https:\/\/www.centrofiera.it\/#\/schema\/person\/ce3cbed088d2b54b6a7db3352cdc5200\"},\"headline\":\"Radio d&#8217;epoca, vinili, high-tech: sabato 14 e domenica 15 marzo, torna la Fiera dell&#8217;Elettronica\",\"datePublished\":\"2026-03-11T12:55:58+00:00\",\"dateModified\":\"2026-03-11T12:55:59+00:00\",\"mainEntityOfPage\":{\"@id\":\"https:\/\/www.centrofiera.it\/en\/2026\/03\/11\/radio-depoca-vinili-high-tech-sabato-14-e-domenica-15-marzo-torna-la-fiera-dellelettronica\/\"},\"wordCount\":1031,\"publisher\":{\"@id\":\"https:\/\/www.centrofiera.it\/#organization\"},\"keywords\":[\"elettronica\",\"fiere\",\"hightech\",\"informatica\",\"radiantismo\",\"vinili\"],\"articleSection\":[\"Fiera dell&#8217;Elettronica\"],\"inLanguage\":\"en-US\"},{\"@type\":\"WebPage\",\"@id\":\"https:\/\/www.centrofiera.it\/en\/2026\/03\/11\/radio-depoca-vinili-high-tech-sabato-14-e-domenica-15-marzo-torna-la-fiera-dellelettronica\/\",\"url\":\"https:\/\/www.centrofiera.it\/en\/2026\/03\/11\/radio-depoca-vinili-high-tech-sabato-14-e-domenica-15-marzo-torna-la-fiera-dellelettronica\/\",\"name\":\"Radio d'epoca, vinili, high-tech: sabato 14 e domenica 15 marzo, torna la Fiera dell'Elettronica - Centro Fiera Montichiari\",\"isPartOf\":{\"@id\":\"https:\/\/www.centrofiera.it\/#website\"},\"datePublished\":\"2026-03-11T12:55:58+00:00\",\"dateModified\":\"2026-03-11T12:55:59+00:00\",\"breadcrumb\":{\"@id\":\"https:\/\/www.centrofiera.it\/en\/2026\/03\/11\/radio-depoca-vinili-high-tech-sabato-14-e-domenica-15-marzo-torna-la-fiera-dellelettronica\/#breadcrumb\"},\"inLanguage\":\"en-US\",\"potentialAction\":[{\"@type\":\"ReadAction\",\"target\":[\"https:\/\/www.centrofiera.it\/en\/2026\/03\/11\/radio-depoca-vinili-high-tech-sabato-14-e-domenica-15-marzo-torna-la-fiera-dellelettronica\/\"]}]},{\"@type\":\"BreadcrumbList\",\"@id\":\"https:\/\/www.centrofiera.it\/en\/2026\/03\/11\/radio-depoca-vinili-high-tech-sabato-14-e-domenica-15-marzo-torna-la-fiera-dellelettronica\/#breadcrumb\",\"itemListElement\":[{\"@type\":\"ListItem\",\"position\":1,\"name\":\"Home\",\"item\":\"https:\/\/www.centrofiera.it\/en\/\"},{\"@type\":\"ListItem\",\"position\":2,\"name\":\"Radio d&#8217;epoca, vinili, high-tech: sabato 14 e domenica 15 marzo, torna la Fiera dell&#8217;Elettronica\"}]},{\"@type\":\"WebSite\",\"@id\":\"https:\/\/www.centrofiera.it\/#website\",\"url\":\"https:\/\/www.centrofiera.it\/\",\"name\":\"Centro Fiera Montichiari\",\"description\":\"\",\"publisher\":{\"@id\":\"https:\/\/www.centrofiera.it\/#organization\"},\"potentialAction\":[{\"@type\":\"SearchAction\",\"target\":{\"@type\":\"EntryPoint\",\"urlTemplate\":\"https:\/\/www.centrofiera.it\/?s={search_term_string}\"},\"query-input\":\"required name=search_term_string\"}],\"inLanguage\":\"en-US\"},{\"@type\":\"Organization\",\"@id\":\"https:\/\/www.centrofiera.it\/#organization\",\"name\":\"Centro Fiera Montichiari\",\"url\":\"https:\/\/www.centrofiera.it\/\",\"logo\":{\"@type\":\"ImageObject\",\"inLanguage\":\"en-US\",\"@id\":\"https:\/\/www.centrofiera.it\/#\/schema\/logo\/image\/\",\"url\":\"https:\/\/www.centrofiera.it\/wp-content\/uploads\/2020\/04\/centrofiera.jpg\",\"contentUrl\":\"https:\/\/www.centrofiera.it\/wp-content\/uploads\/2020\/04\/centrofiera.jpg\",\"width\":500,\"height\":500,\"caption\":\"Centro Fiera Montichiari\"},\"image\":{\"@id\":\"https:\/\/www.centrofiera.it\/#\/schema\/logo\/image\/\"},\"sameAs\":[\"https:\/\/www.facebook.com\/CentroFieraMontichiari\",\"https:\/\/twitter.com\/centrofiera\",\"https:\/\/www.instagram.com\/centrofiera_montichiari\",\"https:\/\/www.linkedin.com\/company\/centrofieramontichiari\",\"https:\/\/www.youtube.com\/channel\/UCn0_CdQh2d08FFJutbE9Ntw\"]},{\"@type\":\"Person\",\"@id\":\"https:\/\/www.centrofiera.it\/#\/schema\/person\/ce3cbed088d2b54b6a7db3352cdc5200\",\"name\":\"Roberto\"}]}<\/script>\n<!-- \/ Yoast SEO plugin. -->","yoast_head_json":{"title":"Radio d'epoca, vinili, high-tech: sabato 14 e domenica 15 marzo, torna la Fiera dell'Elettronica - Centro Fiera Montichiari","robots":{"index":"index","follow":"follow","max-snippet":"max-snippet:-1","max-image-preview":"max-image-preview:large","max-video-preview":"max-video-preview:-1"},"canonical":"https:\/\/www.centrofiera.it\/en\/2026\/03\/11\/radio-depoca-vinili-high-tech-sabato-14-e-domenica-15-marzo-torna-la-fiera-dellelettronica\/","og_locale":"en_US","og_type":"article","og_title":"Radio d'epoca, vinili, high-tech: sabato 14 e domenica 15 marzo, torna la Fiera dell'Elettronica - Centro Fiera Montichiari","og_description":"Informatica, high-tech e componentistica per l\u2019elettronica, ma anche tecnologie per il radiantismo, radio d\u2019epoca, vinili e rarit\u00e0 da collezione: la 64a Fiera dell\u2019Elettronica, in programma sabato 14 e domenica 15 marzo al Centro Fiera Montichiari (BS), promette un fine settimana ricco di occasioni da non perdere per collezionisti, radioamatori e appassionati di tecnologia.","og_url":"https:\/\/www.centrofiera.it\/en\/2026\/03\/11\/radio-depoca-vinili-high-tech-sabato-14-e-domenica-15-marzo-torna-la-fiera-dellelettronica\/","og_site_name":"Centro Fiera Montichiari","article_publisher":"https:\/\/www.facebook.com\/CentroFieraMontichiari","article_published_time":"2026-03-11T12:55:58+00:00","article_modified_time":"2026-03-11T12:55:59+00:00","og_image":[{"width":1200,"height":675,"url":"https:\/\/www.centrofiera.it\/wp-content\/uploads\/2026\/03\/radiantistica2026mar_cf.jpg","type":"image\/jpeg"}],"author":"Roberto","twitter_card":"summary_large_image","twitter_creator":"@centrofiera","twitter_site":"@centrofiera","twitter_misc":{"Written by":"Roberto","Est. reading time":"6 minutes"},"schema":{"@context":"https:\/\/schema.org","@graph":[{"@type":"Article","@id":"https:\/\/www.centrofiera.it\/en\/2026\/03\/11\/radio-depoca-vinili-high-tech-sabato-14-e-domenica-15-marzo-torna-la-fiera-dellelettronica\/#article","isPartOf":{"@id":"https:\/\/www.centrofiera.it\/en\/2026\/03\/11\/radio-depoca-vinili-high-tech-sabato-14-e-domenica-15-marzo-torna-la-fiera-dellelettronica\/"},"author":{"name":"Roberto","@id":"https:\/\/www.centrofiera.it\/#\/schema\/person\/ce3cbed088d2b54b6a7db3352cdc5200"},"headline":"Radio d&#8217;epoca, vinili, high-tech: sabato 14 e domenica 15 marzo, torna la Fiera dell&#8217;Elettronica","datePublished":"2026-03-11T12:55:58+00:00","dateModified":"2026-03-11T12:55:59+00:00","mainEntityOfPage":{"@id":"https:\/\/www.centrofiera.it\/en\/2026\/03\/11\/radio-depoca-vinili-high-tech-sabato-14-e-domenica-15-marzo-torna-la-fiera-dellelettronica\/"},"wordCount":1031,"publisher":{"@id":"https:\/\/www.centrofiera.it\/#organization"},"keywords":["elettronica","fiere","hightech","informatica","radiantismo","vinili"],"articleSection":["Fiera dell&#8217;Elettronica"],"inLanguage":"en-US"},{"@type":"WebPage","@id":"https:\/\/www.centrofiera.it\/en\/2026\/03\/11\/radio-depoca-vinili-high-tech-sabato-14-e-domenica-15-marzo-torna-la-fiera-dellelettronica\/","url":"https:\/\/www.centrofiera.it\/en\/2026\/03\/11\/radio-depoca-vinili-high-tech-sabato-14-e-domenica-15-marzo-torna-la-fiera-dellelettronica\/","name":"Radio d'epoca, vinili, high-tech: sabato 14 e domenica 15 marzo, torna la Fiera dell'Elettronica - Centro Fiera Montichiari","isPartOf":{"@id":"https:\/\/www.centrofiera.it\/#website"},"datePublished":"2026-03-11T12:55:58+00:00","dateModified":"2026-03-11T12:55:59+00:00","breadcrumb":{"@id":"https:\/\/www.centrofiera.it\/en\/2026\/03\/11\/radio-depoca-vinili-high-tech-sabato-14-e-domenica-15-marzo-torna-la-fiera-dellelettronica\/#breadcrumb"},"inLanguage":"en-US","potentialAction":[{"@type":"ReadAction","target":["https:\/\/www.centrofiera.it\/en\/2026\/03\/11\/radio-depoca-vinili-high-tech-sabato-14-e-domenica-15-marzo-torna-la-fiera-dellelettronica\/"]}]},{"@type":"BreadcrumbList","@id":"https:\/\/www.centrofiera.it\/en\/2026\/03\/11\/radio-depoca-vinili-high-tech-sabato-14-e-domenica-15-marzo-torna-la-fiera-dellelettronica\/#breadcrumb","itemListElement":[{"@type":"ListItem","position":1,"name":"Home","item":"https:\/\/www.centrofiera.it\/en\/"},{"@type":"ListItem","position":2,"name":"Radio d&#8217;epoca, vinili, high-tech: sabato 14 e domenica 15 marzo, torna la Fiera dell&#8217;Elettronica"}]},{"@type":"WebSite","@id":"https:\/\/www.centrofiera.it\/#website","url":"https:\/\/www.centrofiera.it\/","name":"Centro Fiera Montichiari","description":"","publisher":{"@id":"https:\/\/www.centrofiera.it\/#organization"},"potentialAction":[{"@type":"SearchAction","target":{"@type":"EntryPoint","urlTemplate":"https:\/\/www.centrofiera.it\/?s={search_term_string}"},"query-input":"required name=search_term_string"}],"inLanguage":"en-US"},{"@type":"Organization","@id":"https:\/\/www.centrofiera.it\/#organization","name":"Centro Fiera Montichiari","url":"https:\/\/www.centrofiera.it\/","logo":{"@type":"ImageObject","inLanguage":"en-US","@id":"https:\/\/www.centrofiera.it\/#\/schema\/logo\/image\/","url":"https:\/\/www.centrofiera.it\/wp-content\/uploads\/2020\/04\/centrofiera.jpg","contentUrl":"https:\/\/www.centrofiera.it\/wp-content\/uploads\/2020\/04\/centrofiera.jpg","width":500,"height":500,"caption":"Centro Fiera Montichiari"},"image":{"@id":"https:\/\/www.centrofiera.it\/#\/schema\/logo\/image\/"},"sameAs":["https:\/\/www.facebook.com\/CentroFieraMontichiari","https:\/\/twitter.com\/centrofiera","https:\/\/www.instagram.com\/centrofiera_montichiari","https:\/\/www.linkedin.com\/company\/centrofieramontichiari","https:\/\/www.youtube.com\/channel\/UCn0_CdQh2d08FFJutbE9Ntw"]},{"@type":"Person","@id":"https:\/\/www.centrofiera.it\/#\/schema\/person\/ce3cbed088d2b54b6a7db3352cdc5200","name":"Roberto"}]}},"amp_enabled":true,"_links":{"self":[{"href":"https:\/\/www.centrofiera.it\/en\/wp-json\/wp\/v2\/posts\/14139"}],"collection":[{"href":"https:\/\/www.centrofiera.it\/en\/wp-json\/wp\/v2\/posts"}],"about":[{"href":"https:\/\/www.centrofiera.it\/en\/wp-json\/wp\/v2\/types\/post"}],"author":[{"embeddable":true,"href":"https:\/\/www.centrofiera.it\/en\/wp-json\/wp\/v2\/users\/2"}],"replies":[{"embeddable":true,"href":"https:\/\/www.centrofiera.it\/en\/wp-json\/wp\/v2\/comments?post=14139"}],"version-history":[{"count":1,"href":"https:\/\/www.centrofiera.it\/en\/wp-json\/wp\/v2\/posts\/14139\/revisions"}],"predecessor-version":[{"id":14140,"href":"https:\/\/www.centrofiera.it\/en\/wp-json\/wp\/v2\/posts\/14139\/revisions\/14140"}],"wp:featuredmedia":[{"embeddable":true,"href":"https:\/\/www.centrofiera.it\/en\/wp-json\/wp\/v2\/media\/14137"}],"wp:attachment":[{"href":"https:\/\/www.centrofiera.it\/en\/wp-json\/wp\/v2\/media?parent=14139"}],"wp:term":[{"taxonomy":"category","embeddable":true,"href":"https:\/\/www.centrofiera.it\/en\/wp-json\/wp\/v2\/categories?post=14139"},{"taxonomy":"post_tag","embeddable":true,"href":"https:\/\/www.centrofiera.it\/en\/wp-json\/wp\/v2\/tags?post=14139"}],"curies":[{"name":"wp","href":"https:\/\/api.w.org\/{rel}","templated":true}]}}